{"id":863,"date":"2011-08-30T08:00:06","date_gmt":"2011-08-30T06:00:06","guid":{"rendered":"http:\/\/www.lezards-buissonniers.fr\/LB\/?p=863"},"modified":"2022-08-28T17:12:04","modified_gmt":"2022-08-28T15:12:04","slug":"exposition-betes-curieuses-du-30-sept-au-15-oct-2011","status":"publish","type":"post","link":"https:\/\/www.lezards-buissonniers.fr\/BDU\/2011\/08\/30\/exposition-betes-curieuses-du-30-sept-au-15-oct-2011\/","title":{"rendered":"Exposition \u00ab\u00a0B\u00eates curieuses\u00a0\u00bb du 30 sept au 15 oct 2011"},"content":{"rendered":"<p><img loading=\"lazy\" decoding=\"async\" class=\"aligncenter size-large wp-image-884\" title=\"panoramaexpo 002\" src=\"http:\/\/www.lezards-buissonniers.fr\/LB\/wp-content\/uploads\/2011\/09\/panoramaexpo-0021-1024x272.jpg\" alt=\"\" width=\"640\" height=\"170\"><\/p>\n<p>&nbsp;<\/p>\n<p>Fran\u00e7ois Crozat, a illustr\u00e9 de nombreux livres pour enfants. Nous avons choisi de vous pr\u00e9senter ses dessins d&rsquo;animaux. Certains sont fantastiques, d&rsquo;autres sont des h\u00e9ros de contes, parfois ils sont les personnages secondaires d&rsquo;une histoire. Fran\u00e7ois Crozat a d\u00e9but\u00e9 en faisant du documentaire et on retrouve ce parcours dans la pr\u00e9cision de ses traits. Mais c&rsquo;est bien \u00e0 l&rsquo;imaginaire que nous convoquent ses illustrations, o\u00f9 la fantaisie vient s&rsquo;immiscer discr\u00e8tement ou \u00e9videmment,&nbsp;&nbsp;pour notre plus grand plaisir. B.Crozat<\/p>\n","protected":false},"excerpt":{"rendered":"<p>&nbsp; Fran\u00e7ois Crozat, a illustr\u00e9 de nombreux livres pour enfants. Nous avons choisi de vous pr\u00e9senter ses dessins d&rsquo;animaux. Certains sont fantastiques, d&rsquo;autres sont des h\u00e9ros de contes, parfois ils sont les personnages secondaires d&rsquo;une histoire. Fran\u00e7ois Crozat a d\u00e9but\u00e9 en faisant du documentaire et on retrouve ce parcours dans la pr\u00e9cision de ses traits.&hellip; <br \/> <a class=\"read-more\" href=\"https:\/\/www.lezards-buissonniers.fr\/BDU\/2011\/08\/30\/exposition-betes-curieuses-du-30-sept-au-15-oct-2011\/\">Lire la suite<\/a><\/p>\n","protected":false},"author":2,"featured_media":193,"comment_status":"closed","ping_status":"open","sticky":false,"template":"","format":"standard","meta":{"_lmt_disableupdate":"no","_lmt_disable":"","ngg_post_thumbnail":0,"footnotes":""},"categories":[8],"tags":[],"class_list":["post-863","post","type-post","status-publish","format-standard","has-post-thumbnail","hentry","category-expos"],"modified_by":"Francis CHATOT","_links":{"self":[{"href":"https:\/\/www.lezards-buissonniers.fr\/BDU\/wp-json\/wp\/v2\/posts\/863","targetHints":{"allow":["GET"]}}],"collection":[{"href":"https:\/\/www.lezards-buissonniers.fr\/BDU\/wp-json\/wp\/v2\/posts"}],"about":[{"href":"https:\/\/www.lezards-buissonniers.fr\/BDU\/wp-json\/wp\/v2\/types\/post"}],"author":[{"embeddable":true,"href":"https:\/\/www.lezards-buissonniers.fr\/BDU\/wp-json\/wp\/v2\/users\/2"}],"replies":[{"embeddable":true,"href":"https:\/\/www.lezards-buissonniers.fr\/BDU\/wp-json\/wp\/v2\/comments?post=863"}],"version-history":[{"count":3,"href":"https:\/\/www.lezards-buissonniers.fr\/BDU\/wp-json\/wp\/v2\/posts\/863\/revisions"}],"predecessor-version":[{"id":5368,"href":"https:\/\/www.lezards-buissonniers.fr\/BDU\/wp-json\/wp\/v2\/posts\/863\/revisions\/5368"}],"wp:featuredmedia":[{"embeddable":true,"href":"https:\/\/www.lezards-buissonniers.fr\/BDU\/wp-json\/wp\/v2\/media\/193"}],"wp:attachment":[{"href":"https:\/\/www.lezards-buissonniers.fr\/BDU\/wp-json\/wp\/v2\/media?parent=863"}],"wp:term":[{"taxonomy":"category","embeddable":true,"href":"https:\/\/www.lezards-buissonniers.fr\/BDU\/wp-json\/wp\/v2\/categories?post=863"},{"taxonomy":"post_tag","embeddable":true,"href":"https:\/\/www.lezards-buissonniers.fr\/BDU\/wp-json\/wp\/v2\/tags?post=863"}],"curies":[{"name":"wp","href":"https:\/\/api.w.org\/{rel}","templated":true}]}}